[{"@context":"https:\/\/schema.org\/","@type":"Article","@id":"https:\/\/www.rotoml.cz\/krasna-jako-kocka\/#Article","mainEntityOfPage":"https:\/\/www.rotoml.cz\/krasna-jako-kocka\/","headline":"Kr\u00e1sn\u00e1 jako ko\u010dka","name":"Kr\u00e1sn\u00e1 jako ko\u010dka","description":"Pokud se tak\u00e9 zaj\u00edm\u00e1te o kr\u00e1su, tak v\u00e1s jist\u011b budou zaj\u00edmat r\u016fzn\u00e1 kosmetick\u00e1 studia. Abych pravdu \u0159ekla, tak j\u00e1 kosmetick\u00e1 studia opravdu miluji. A...","datePublished":"2023-01-06","dateModified":"2023-06-07","author":{"@type":"Person","@id":"https:\/\/www.rotoml.cz\/author\/devene\/#Person","name":"devene","url":"https:\/\/www.rotoml.cz\/author\/devene\/","identifier":1,"image":{"@type":"ImageObject","@id":"https:\/\/secure.gravatar.com\/avatar\/1aa4d33840e2afc29128e2a456d425ca0d17b173c888af2db652b1d34fe6f93d?s=96&d=mm&r=g","url":"https:\/\/secure.gravatar.com\/avatar\/1aa4d33840e2afc29128e2a456d425ca0d17b173c888af2db652b1d34fe6f93d?s=96&d=mm&r=g","height":96,"width":96}},"publisher":{"@type":"Organization","name":"rotoml.cz","logo":{"@type":"ImageObject","@id":"\/logo.png","url":"\/logo.png","width":600,"height":60}},"image":{"@type":"ImageObject","@id":"https:\/\/www.rotoml.cz\/wp-content\/uploads\/kot%C4%9B_1.jpg","url":"https:\/\/www.rotoml.cz\/wp-content\/uploads\/kot%C4%9B_1.jpg","height":0,"width":0},"url":"https:\/\/www.rotoml.cz\/krasna-jako-kocka\/","about":["Kr\u00e1sa"],"wordCount":418,"articleBody":"Pokud se tak\u00e9 zaj\u00edm\u00e1te o kr\u00e1su, tak v\u00e1s jist\u011b budou zaj\u00edmat r\u016fzn\u00e1 kosmetick\u00e1 studia. Abych pravdu \u0159ekla, tak j\u00e1 kosmetick\u00e1 studia opravdu miluji. A chod\u00edm tam velice pravideln\u011b a r\u00e1da s oblibou. A pokud v\u00e1s zaj\u00edm\u00e1, kdyby \u017eena u\u017e m\u011bla nav\u0161t\u011bvovat kosmetick\u00e9 studio, tak v\u00e1m to \u0159eknu. Mo\u017en\u00e1 se v\u00e1m to nebude l\u00edbit, ale u\u017e by to bylo od dvac\u00e1t\u00e9ho roku \u017eivota. Samoz\u0159ejm\u011b, \u017ee pokud tam budete chodit d\u0159\u00edve, tak m\u016f\u017eete. M\u016f\u017eete tam j\u00edt klidn\u011b i v patn\u00e1cti letech. P\u0159edstavivosti a v\u011bkov\u011b kategorii se meze opravdu nekladou. Nen\u00ed tohle nic \u0161kodliv\u00e9ho, jako nap\u0159\u00edklad cigarety, kdy \u010dlov\u011bk m\u016f\u017ee za\u010d\u00edt kou\u0159it a\u017e od osmn\u00e1cti let. Jenom\u017ee tohle je opravdu k sm\u00edchu. Uka\u017ete mi n\u011bkoho, kter\u00fd dnem sv\u00fdch osmn\u00e1ct\u00fdch narozenin za\u010dne kou\u0159it cigarety, \u017ee na to m\u00e1 chu\u0165. Je to opravdu velik\u00e1 \u0161koda, kdy\u017e n\u011bkdo kou\u0159\u00ed nebo kdy\u017e n\u011bkdo pije alkohol ve velk\u00e9m mno\u017estv\u00ed. Mysl\u00edm si, \u017ee kdyby lid\u00e9 o sebe pe\u010dovat a u\u017e od ml\u00e1d\u00ed anebo od puberty, tak by byl sv\u011bt opravdu lep\u0161\u00ed a kr\u00e1sn\u011bj\u0161\u00ed. A tak\u00e9 kolikr\u00e1t mi v\u00edd\u00e1m tak\u00e9 \u017eeny, kter\u00fdm je t\u0159eba t\u0159icet let, vypadaj\u00ed u\u017e na v\u00edce ne\u017e \u010dty\u0159icet. A mohou za to cigarety a tak\u00e9 alkohol a tak\u00e9 nest\u0159\u00eddm\u00fd zp\u016fsob \u017eivota. Proto\u017ee \u010dlov\u011bk, kter\u00fd pro pouze do sebe cpe fastfood anebo dal\u0161\u00ed tu\u010dn\u00e1 a sladk\u00e1 a ko\u0159en\u011bn\u00e1 j\u00eddla, tak v\u0161ichni v\u00edme, \u017ee na\u0161\u00ed pleti to v\u016fbec nesv\u011bd\u010d\u00ed. J\u00e1 si mysl\u00edm, \u017ee kdyby lid\u00e9, hlavn\u011b \u017eeny o sebe v\u00edce pe\u010dovali, tak tak\u00e9 vypadaj\u00ed mlad\u011b. Mysl\u00edm si, \u017ee ka\u017ed\u00e1 \u017eena chce vypadat mlad\u011b a tak\u00e9 hlavn\u011b kr\u00e1sn\u011b. Jenom\u017ee nikdo nev\u00ed, \u017ee tak\u00e9 za t\u00edm stoj\u00ed opravdu hodn\u011b \u00fasil\u00ed a \u010dlov\u011bk pro to mus\u00ed tak\u00e9 hodn\u011b ud\u011blat, aby vypadal mlad\u011b. A nikdo nen\u00ed mlad\u00fd a kr\u00e1sn\u00fd nav\u011bky, tak\u017ee tady p\u00e9\u010de o ple\u0165 a celkov\u011b a sv\u00e9 t\u011blo zevnit\u0159 i zvenku, je tady na m\u00edst\u011b a je to opravdu hodn\u011b d\u016fle\u017eit\u00e1. O kr\u00e1su se lid\u00e9 zaj\u00edmali u\u017e odprad\u00e1vna, jako nap\u0159\u00edklad c\u00edsa\u0159ovna Sissi, kter\u00e1 o sebe pe\u010dovala extr\u00e9mn\u011b.\u00a0                                                                                                                                                                                                                                                                                                                                                                                        3.7\/5 - (8 votes)        "},{"@context":"https:\/\/schema.org\/","@type":"BreadcrumbList","itemListElement":[{"@type":"ListItem","position":1,"name":"Kr\u00e1sn\u00e1 jako ko\u010dka","item":"https:\/\/www.rotoml.cz\/krasna-jako-kocka\/#breadcrumbitem"}]}]