[{"@context":"https:\/\/schema.org\/","@type":"Article","@id":"https:\/\/www.rotoml.cz\/poznavani-ptaku-v-jarni-prirode\/#Article","mainEntityOfPage":"https:\/\/www.rotoml.cz\/poznavani-ptaku-v-jarni-prirode\/","headline":"Pozn\u00e1v\u00e1n\u00ed pt\u00e1k\u016f v jarn\u00ed p\u0159\u00edrod\u011b","name":"Pozn\u00e1v\u00e1n\u00ed pt\u00e1k\u016f v jarn\u00ed p\u0159\u00edrod\u011b","description":"Tip na v\u00fdlet? Zajd\u011bte s d\u011btmi do parku, lesa nebo n\u011bkam do p\u0159\u00edrody, kde zp\u00edvaj\u00ed pt\u00e1\u010dci sv\u00e9 jarn\u00ed p\u00edsni\u010dky. S p\u0159ich\u00e1zej\u00edc\u00edm jarem se oz\u00fdvaj\u00ed...","datePublished":"2022-11-03","dateModified":"2023-05-03","author":{"@type":"Person","@id":"https:\/\/www.rotoml.cz\/author\/devene\/#Person","name":"devene","url":"https:\/\/www.rotoml.cz\/author\/devene\/","identifier":1,"image":{"@type":"ImageObject","@id":"https:\/\/secure.gravatar.com\/avatar\/1aa4d33840e2afc29128e2a456d425ca0d17b173c888af2db652b1d34fe6f93d?s=96&d=mm&r=g","url":"https:\/\/secure.gravatar.com\/avatar\/1aa4d33840e2afc29128e2a456d425ca0d17b173c888af2db652b1d34fe6f93d?s=96&d=mm&r=g","height":96,"width":96}},"publisher":{"@type":"Organization","name":"rotoml.cz","logo":{"@type":"ImageObject","@id":"\/logo.png","url":"\/logo.png","width":600,"height":60}},"image":{"@type":"ImageObject","@id":"https:\/\/www.rotoml.cz\/wp-content\/uploads\/Slavik_obecny.jpg","url":"https:\/\/www.rotoml.cz\/wp-content\/uploads\/Slavik_obecny.jpg","height":0,"width":0},"url":"https:\/\/www.rotoml.cz\/poznavani-ptaku-v-jarni-prirode\/","about":["Zv\u00ed\u0159ata"],"wordCount":446,"articleBody":"Tip na v\u00fdlet? Zajd\u011bte s d\u011btmi do parku, lesa nebo n\u011bkam do p\u0159\u00edrody, kde zp\u00edvaj\u00ed pt\u00e1\u010dci sv\u00e9 jarn\u00ed p\u00edsni\u010dky. S p\u0159ich\u00e1zej\u00edc\u00edm jarem se oz\u00fdvaj\u00ed ze v\u0161ech kout\u016f. Budete-li si jich v\u00edce v\u0161\u00edmat, za n\u011bjak\u00fd \u010das zjist\u00edte, \u017ee pt\u00e1\u010dky pozn\u00e1te nejen podle vzhledu, ale i podle zp\u011bvu. Pomoci v pozn\u00e1v\u00e1n\u00ed n\u00e1m m\u016f\u017ee n\u011bjak\u00e1 kn\u00ed\u017eka o pt\u00e1c\u00edch nebo internet, kde si nejr\u016fzn\u011bj\u0161\u00ed pt\u00e1\u010dky zad\u00e1me do vyhledava\u010de. Vyhledan\u00e9 fotografie, obr\u00e1zky, \u010dl\u00e1nky, ale i nahran\u00e1 videa s jejich zp\u011bvem m\u016f\u017eeme porovn\u00e1vat se skute\u010dn\u00fdmi pt\u00e1ky, kter\u00e9 uvid\u00edme v p\u0159\u00edrod\u011b. N\u011bkter\u00e9 pt\u00e1ky u\u017e bezpe\u010dn\u011b pozn\u00e1me z ke\u0159\u016f, strom\u016f a krm\u00edtek p\u0159ed na\u0161\u00edm domem. Jsou to nap\u0159\u00edklad vrabci, s\u00fdkorky, holubi, hrdli\u010dky, kosi. Dal\u0161\u00ed druhy, ty m\u00e9n\u011b \u010dast\u00e9, si m\u016f\u017eeme takto vyhledat a dozv\u011bd\u011bt se o nich n\u011bco v\u00edce. Pak je najednou za\u010dneme i v\u00eddat. Brhl\u00edka lesn\u00edho \u2013 s modrav\u00fdm pe\u0159\u00edm na z\u00e1dech a \u017elutooran\u017eov\u00fdm b\u0159\u00ed\u0161kem je velice zaj\u00edmav\u00fd. Jako jedin\u00fd se dok\u00e1\u017ee pohybovat po stromech tak\u00e9 obr\u00e1cen\u011b \u2013 hlavou dol\u016f. H\u00fdla obecn\u00e9ho s n\u00e1padn\u011b na\u010dervenal\u00fdm b\u0159\u00ed\u0161kem ur\u010dit\u011b nep\u0159ehl\u00e9dnete. Ne nadarmo se o n\u011bkom \u0159\u00edk\u00e1, \u017ee m\u00e1 h\u00fdla \u2013 \u010derven\u00fd nos. Sami\u010dky pt\u00e1k\u016f jsou v\u011bt\u0161inou barevn\u011b m\u00e9n\u011b n\u00e1padn\u00e9, aby byly v\u00edce v p\u0159\u00edrod\u011b chr\u00e1n\u011bn\u00e9 p\u0159i hn\u00edzd\u011bn\u00ed, kdy sn\u00e1\u0161ej\u00ed vaj\u00ed\u010dka. D\u00e1le nap\u0159\u00edklad zjist\u00edme, \u017ee \u010d\u00ed\u017eek lesn\u00ed, mal\u00fd zelenav\u00fd pt\u00e1\u010dek s \u010dernou jakoby \u010depi\u010dkou na hlav\u011b, m\u00e1 zvoniv\u00fd zp\u011bv s trochu posmutn\u011bl\u00fdm n\u00e1dechem. Mohli bychom si ho lehce spl\u00e9st se zvonkem zelen\u00fdm, jeho\u017e barva je tak\u00e9 zelenav\u00e1. Nem\u00e1 v\u0161ak \u010dernou skvrnku na hlav\u011b jako \u010d\u00ed\u017eek. Jeho zp\u011bv se podob\u00e1 zvon\u011bn\u00ed mal\u00e9ho zvone\u010dku. Slav\u00edk m\u00e1 opravdu \u010dist\u00fd zp\u011bvn\u00fd hlas. Nen\u00ed tedy divu, kdy\u017e se o dobr\u00e9m zp\u011bv\u00e1kovi \u0159ekne, \u017ee zp\u00edv\u00e1 jako slav\u00edk. O tom, \u017ee je pta\u010d\u00ed zp\u011bv inspiruj\u00edc\u00ed, sv\u011bd\u010d\u00ed i sv\u00e1tek Den pta\u010d\u00edho zp\u011bvu, kter\u00fd p\u0159ipad\u00e1 na 1. kv\u011btna. Pro lep\u0161\u00ed zapamatov\u00e1n\u00ed si jednotliv\u00fdch druh\u016f pt\u00e1k\u016f d\u011btem mohou pomoci tak\u00e9 omalov\u00e1nky nebo nejr\u016fzn\u011bj\u0161\u00ed \u0159\u00edkanky a p\u00edsni\u010dky. Hodn\u011b hezk\u00fdch a zaj\u00edmav\u00fdch chvil s pta\u010d\u00edmi trylky.                                                                                                                                                                                                                                                                                                                                                                                        4.3\/5 - (9 votes)        "},{"@context":"https:\/\/schema.org\/","@type":"BreadcrumbList","itemListElement":[{"@type":"ListItem","position":1,"name":"Pozn\u00e1v\u00e1n\u00ed pt\u00e1k\u016f v jarn\u00ed p\u0159\u00edrod\u011b","item":"https:\/\/www.rotoml.cz\/poznavani-ptaku-v-jarni-prirode\/#breadcrumbitem"}]}]